{"id":6663,"date":"2022-03-22T15:30:24","date_gmt":"2022-03-22T15:30:24","guid":{"rendered":"https:\/\/www.chiapatino.com\/?p=6663"},"modified":"2022-04-18T15:34:41","modified_gmt":"2022-04-18T15:34:41","slug":"rtveoperatenerife","status":"publish","type":"post","link":"https:\/\/www.chiapatino.com\/home\/rtveoperatenerife\/","title":{"rendered":"Se estrena en Tenerife la \u00f3pera &#8216;Florencia en el Amazonas&#8217;"},"content":{"rendered":"<div class=\"wpb-content-wrapper\"><p>[vc_row][vc_column width=&#8221;1\/1&#8243;][vc_empty_space empty_h=&#8221;3&#8243;][vc_row_inner][vc_column_inner width=&#8221;1\/2&#8243;][vc_icon icon=&#8221;fa fa-calendar-full&#8221; heading_semantic=&#8221;p&#8221; text_size=&#8221;h6&#8243; text_weight=&#8221;100&#8243; text_lead=&#8221;small&#8221; uncode_shortcode_id=&#8221;140109&#8243; title=&#8221;March 24, 2022&#8243;][\/vc_icon][vc_custom_heading text_font=&#8221;font-165742&#8243; uncode_shortcode_id=&#8221;352330&#8243;]Se estrena en Tenerife la \u00f3pera &#8216;Florencia en el Amazonas'[\/vc_custom_heading][vc_column_text uncode_shortcode_id=&#8221;867464&#8243;]<a href=\"https:\/\/www.rtve.es\/noticias\/20220324\/se-estrena-tenerife-opera-florencia-amazonas\/2321941.shtml\" target=\"_blank\" rel=\"noopener\"><em>Ana Hern\u00e1ndez \/ RTVE Canarias <\/em><\/a><\/p>\n<p>El Auditorio de Tenerife pone en escena estos d\u00edas la \u00f3pera Florencia en el Amazonas, una obra inspirada en el realismo m\u00e1gico de Gabriel Garc\u00eda M\u00e1rquez. Precisamente fue \u00e9l quien recomend\u00f3 a una colaboradora para redactar el libreto.<\/p>\n<p>Con Florencia en el Amazonas, \u00d3pera de Tenerife se introduce en las composiciones latinoamericanas. Esta \u00f3pera se programa por primera vez en Espa\u00f1a, tras un amplio recorrido por las casas de \u00f3pera de Am\u00e9rica y solo dos en Europa, en Alemania y Suiza. La creaci\u00f3n del mexicano Daniel Cat\u00e1n, con libreto de Marcela Fuentes-Berain, se estren\u00f3 en 1996 y cuenta distintas formas de vivir el amor a trav\u00e9s de un viaje en barco por el Amazonas.[\/vc_column_text][vc_button button_color=&#8221;color-jevc&#8221; hover_fx=&#8221;outlined&#8221; border_width=&#8221;0&#8243; link=&#8221;url:https%3A%2F%2Fwww.rtve.es%2Fnoticias%2F20220324%2Fse-estrena-tenerife-opera-florencia-amazonas%2F2321941.shtml|target:_blank&#8221; button_color_type=&#8221;uncode-palette&#8221; uncode_shortcode_id=&#8221;174702&#8243;]Nota Completa \/ Full Article[\/vc_button][\/vc_column_inner][vc_column_inner width=&#8221;1\/2&#8243;][vc_empty_space empty_h=&#8221;4&#8243;][vc_single_image media=&#8221;6491&#8243; media_width_percent=&#8221;100&#8243; uncode_shortcode_id=&#8221;153911&#8243; media_link=&#8221;url:https%3A%2F%2Fwww.rtve.es%2Fnoticias%2F20220324%2Fse-estrena-tenerife-opera-florencia-amazonas%2F2321941.shtml|target:_blank&#8221;][\/vc_column_inner][\/vc_row_inner][\/vc_column][\/vc_row]<\/p>\n<\/div>","protected":false},"excerpt":{"rendered":"<p>El Auditorio de Tenerife pone en escena estos d\u00edas la \u00f3pera Florencia en el Amazonas, una obra inspirada en el realismo m\u00e1gico de Gabriel Garc\u00eda M\u00e1rquez. Precisamente fue \u00e9l quien recomend\u00f3 a una colaboradora para redactar el libreto.<\/p>\n","protected":false},"author":1,"featured_media":6491,"comment_status":"closed","ping_status":"closed","sticky":false,"template":"","format":"standard","meta":{"_jetpack_memberships_contains_paid_content":false,"footnotes":"","jetpack_publicize_message":"","jetpack_publicize_feature_enabled":true,"jetpack_social_post_already_shared":true,"jetpack_social_options":{"image_generator_settings":{"template":"highway","default_image_id":0,"font":"","enabled":false},"version":2}},"categories":[41],"tags":[42,85,86,113,114],"class_list":["post-6663","post","type-post","status-publish","format-standard","has-post-thumbnail","hentry","category-noticias-news","tag-opera","tag-noticias","tag-news","tag-tenerife","tag-florencia-en-el-amazonas"],"yoast_head":"<!-- This site is optimized with the Yoast SEO plugin v27.5 - https:\/\/yoast.com\/product\/yoast-seo-wordpress\/ -->\n<title>Se estrena en Tenerife la \u00f3pera &#039;Florencia en el Amazonas&#039; - Chia Pati\u00f1o %<\/title>\n<meta name=\"description\" content=\"Con Florencia en el Amazonas, \u00d3pera de Tenerife se introduce en las composiciones latinoamericanas. Esta \u00f3pera se programa por primera vez en Espa\u00f1a, tras un amplio recorrido por las casas de \u00f3pera de Am\u00e9rica y solo dos en Europa, en Alemania y Suiza. La creaci\u00f3n del mexicano Daniel Cat\u00e1n, con libreto de Marcela Fuentes-Berain, se estren\u00f3 en 1996 y cuenta distintas formas de vivir el amor a trav\u00e9s de un viaje en barco por el Amazonas.\" \/>\n<meta name=\"robots\" content=\"index, follow, max-snippet:-1, max-image-preview:large, max-video-preview:-1\" \/>\n<link rel=\"canonical\" href=\"https:\/\/www.chiapatino.com\/home\/rtveoperatenerife\/\" \/>\n<meta property=\"og:locale\" content=\"en_US\" \/>\n<meta property=\"og:type\" content=\"article\" \/>\n<meta property=\"og:title\" content=\"Se estrena en Tenerife la \u00f3pera &#039;Florencia en el Amazonas&#039; - Chia Pati\u00f1o %\" \/>\n<meta property=\"og:description\" content=\"Con Florencia en el Amazonas, \u00d3pera de Tenerife se introduce en las composiciones latinoamericanas. Esta \u00f3pera se programa por primera vez en Espa\u00f1a, tras un amplio recorrido por las casas de \u00f3pera de Am\u00e9rica y solo dos en Europa, en Alemania y Suiza. La creaci\u00f3n del mexicano Daniel Cat\u00e1n, con libreto de Marcela Fuentes-Berain, se estren\u00f3 en 1996 y cuenta distintas formas de vivir el amor a trav\u00e9s de un viaje en barco por el Amazonas.\" \/>\n<meta property=\"og:url\" content=\"https:\/\/www.chiapatino.com\/home\/rtveoperatenerife\/\" \/>\n<meta property=\"og:site_name\" content=\"Chia Pati\u00f1o\" \/>\n<meta property=\"article:publisher\" content=\"https:\/\/www.facebook.com\/chia.patino\" \/>\n<meta property=\"article:published_time\" content=\"2022-03-22T15:30:24+00:00\" \/>\n<meta property=\"article:modified_time\" content=\"2022-04-18T15:34:41+00:00\" \/>\n<meta property=\"og:image\" content=\"https:\/\/i0.wp.com\/www.chiapatino.com\/wp-content\/uploads\/2022\/03\/Scrn_tve.webp?fit=2035%2C988&ssl=1\" \/>\n\t<meta property=\"og:image:width\" content=\"2035\" \/>\n\t<meta property=\"og:image:height\" content=\"988\" \/>\n\t<meta property=\"og:image:type\" content=\"image\/webp\" \/>\n<meta name=\"author\" content=\"Editorial Team\" \/>\n<meta name=\"twitter:card\" content=\"summary_large_image\" \/>\n<meta name=\"twitter:site\" content=\"@en\" \/>\n<meta name=\"twitter:label1\" content=\"Written by\" \/>\n\t<meta name=\"twitter:data1\" content=\"Editorial Team\" \/>\n\t<meta name=\"twitter:label2\" content=\"Est. reading time\" \/>\n\t<meta name=\"twitter:data2\" content=\"1 minute\" \/>\n<script type=\"application\/ld+json\" class=\"yoast-schema-graph\">{\"@context\":\"https:\\\/\\\/schema.org\",\"@graph\":[{\"@type\":\"Article\",\"@id\":\"https:\\\/\\\/www.chiapatino.com\\\/home\\\/rtveoperatenerife\\\/#article\",\"isPartOf\":{\"@id\":\"https:\\\/\\\/www.chiapatino.com\\\/home\\\/rtveoperatenerife\\\/\"},\"author\":{\"name\":\"Editorial Team\",\"@id\":\"https:\\\/\\\/www.chiapatino.com\\\/home\\\/#\\\/schema\\\/person\\\/755dfd11ac8cf732700cb83de0c23f22\"},\"headline\":\"Se estrena en Tenerife la \u00f3pera &#8216;Florencia en el Amazonas&#8217;\",\"datePublished\":\"2022-03-22T15:30:24+00:00\",\"dateModified\":\"2022-04-18T15:34:41+00:00\",\"mainEntityOfPage\":{\"@id\":\"https:\\\/\\\/www.chiapatino.com\\\/home\\\/rtveoperatenerife\\\/\"},\"wordCount\":294,\"publisher\":{\"@id\":\"https:\\\/\\\/www.chiapatino.com\\\/home\\\/#\\\/schema\\\/person\\\/f64ab33314c9c8769b4082962d7f5301\"},\"image\":{\"@id\":\"https:\\\/\\\/www.chiapatino.com\\\/home\\\/rtveoperatenerife\\\/#primaryimage\"},\"thumbnailUrl\":\"https:\\\/\\\/i0.wp.com\\\/www.chiapatino.com\\\/wp-content\\\/uploads\\\/2022\\\/03\\\/Scrn_tve.webp?fit=2035%2C988&ssl=1\",\"keywords\":[\"Opera\",\"Noticias\",\"News\",\"Tenerife\",\"Florencia en el Amazonas\"],\"articleSection\":[\"Noticias \\\/ News\"],\"inLanguage\":\"en-US\"},{\"@type\":\"WebPage\",\"@id\":\"https:\\\/\\\/www.chiapatino.com\\\/home\\\/rtveoperatenerife\\\/\",\"url\":\"https:\\\/\\\/www.chiapatino.com\\\/home\\\/rtveoperatenerife\\\/\",\"name\":\"Se estrena en Tenerife la \u00f3pera 'Florencia en el Amazonas' - Chia Pati\u00f1o %\",\"isPartOf\":{\"@id\":\"https:\\\/\\\/www.chiapatino.com\\\/home\\\/#website\"},\"primaryImageOfPage\":{\"@id\":\"https:\\\/\\\/www.chiapatino.com\\\/home\\\/rtveoperatenerife\\\/#primaryimage\"},\"image\":{\"@id\":\"https:\\\/\\\/www.chiapatino.com\\\/home\\\/rtveoperatenerife\\\/#primaryimage\"},\"thumbnailUrl\":\"https:\\\/\\\/i0.wp.com\\\/www.chiapatino.com\\\/wp-content\\\/uploads\\\/2022\\\/03\\\/Scrn_tve.webp?fit=2035%2C988&ssl=1\",\"datePublished\":\"2022-03-22T15:30:24+00:00\",\"dateModified\":\"2022-04-18T15:34:41+00:00\",\"description\":\"Con Florencia en el Amazonas, \u00d3pera de Tenerife se introduce en las composiciones latinoamericanas. Esta \u00f3pera se programa por primera vez en Espa\u00f1a, tras un amplio recorrido por las casas de \u00f3pera de Am\u00e9rica y solo dos en Europa, en Alemania y Suiza. La creaci\u00f3n del mexicano Daniel Cat\u00e1n, con libreto de Marcela Fuentes-Berain, se estren\u00f3 en 1996 y cuenta distintas formas de vivir el amor a trav\u00e9s de un viaje en barco por el Amazonas.\",\"breadcrumb\":{\"@id\":\"https:\\\/\\\/www.chiapatino.com\\\/home\\\/rtveoperatenerife\\\/#breadcrumb\"},\"inLanguage\":\"en-US\",\"potentialAction\":[{\"@type\":\"ReadAction\",\"target\":[\"https:\\\/\\\/www.chiapatino.com\\\/home\\\/rtveoperatenerife\\\/\"]}]},{\"@type\":\"ImageObject\",\"inLanguage\":\"en-US\",\"@id\":\"https:\\\/\\\/www.chiapatino.com\\\/home\\\/rtveoperatenerife\\\/#primaryimage\",\"url\":\"https:\\\/\\\/i0.wp.com\\\/www.chiapatino.com\\\/wp-content\\\/uploads\\\/2022\\\/03\\\/Scrn_tve.webp?fit=2035%2C988&ssl=1\",\"contentUrl\":\"https:\\\/\\\/i0.wp.com\\\/www.chiapatino.com\\\/wp-content\\\/uploads\\\/2022\\\/03\\\/Scrn_tve.webp?fit=2035%2C988&ssl=1\",\"width\":2035,\"height\":988},{\"@type\":\"BreadcrumbList\",\"@id\":\"https:\\\/\\\/www.chiapatino.com\\\/home\\\/rtveoperatenerife\\\/#breadcrumb\",\"itemListElement\":[{\"@type\":\"ListItem\",\"position\":1,\"name\":\"Home\",\"item\":\"https:\\\/\\\/www.chiapatino.com\\\/home\\\/\"},{\"@type\":\"ListItem\",\"position\":2,\"name\":\"Se estrena en Tenerife la \u00f3pera &#8216;Florencia en el Amazonas&#8217;\"}]},{\"@type\":\"WebSite\",\"@id\":\"https:\\\/\\\/www.chiapatino.com\\\/home\\\/#website\",\"url\":\"https:\\\/\\\/www.chiapatino.com\\\/home\\\/\",\"name\":\"Chia Pati\u00f1o\",\"description\":\"Portafolio\",\"publisher\":{\"@id\":\"https:\\\/\\\/www.chiapatino.com\\\/home\\\/#\\\/schema\\\/person\\\/f64ab33314c9c8769b4082962d7f5301\"},\"potentialAction\":[{\"@type\":\"SearchAction\",\"target\":{\"@type\":\"EntryPoint\",\"urlTemplate\":\"https:\\\/\\\/www.chiapatino.com\\\/home\\\/?s={search_term_string}\"},\"query-input\":{\"@type\":\"PropertyValueSpecification\",\"valueRequired\":true,\"valueName\":\"search_term_string\"}}],\"inLanguage\":\"en-US\"},{\"@type\":[\"Person\",\"Organization\"],\"@id\":\"https:\\\/\\\/www.chiapatino.com\\\/home\\\/#\\\/schema\\\/person\\\/f64ab33314c9c8769b4082962d7f5301\",\"name\":\"Chia Pati\u00f1o\",\"image\":{\"@type\":\"ImageObject\",\"inLanguage\":\"en-US\",\"@id\":\"https:\\\/\\\/i0.wp.com\\\/www.chiapatino.com\\\/wp-content\\\/uploads\\\/2022\\\/11\\\/chiahs01.webp?fit=960%2C1201&ssl=1\",\"url\":\"https:\\\/\\\/i0.wp.com\\\/www.chiapatino.com\\\/wp-content\\\/uploads\\\/2022\\\/11\\\/chiahs01.webp?fit=960%2C1201&ssl=1\",\"contentUrl\":\"https:\\\/\\\/i0.wp.com\\\/www.chiapatino.com\\\/wp-content\\\/uploads\\\/2022\\\/11\\\/chiahs01.webp?fit=960%2C1201&ssl=1\",\"width\":960,\"height\":1201,\"caption\":\"Chia Pati\u00f1o\"},\"logo\":{\"@id\":\"https:\\\/\\\/i0.wp.com\\\/www.chiapatino.com\\\/wp-content\\\/uploads\\\/2022\\\/11\\\/chiahs01.webp?fit=960%2C1201&ssl=1\"},\"sameAs\":[\"https:\\\/\\\/www.facebook.com\\\/chia.patino\",\"https:\\\/\\\/www.instagram.com\\\/chia.patino\\\/\",\"https:\\\/\\\/x.com\\\/https:\\\/\\\/twitter.com\\\/chpatito?lang=en\"]},{\"@type\":\"Person\",\"@id\":\"https:\\\/\\\/www.chiapatino.com\\\/home\\\/#\\\/schema\\\/person\\\/755dfd11ac8cf732700cb83de0c23f22\",\"name\":\"Editorial Team\",\"image\":{\"@type\":\"ImageObject\",\"inLanguage\":\"en-US\",\"@id\":\"https:\\\/\\\/secure.gravatar.com\\\/avatar\\\/d7caee783317f4e638353272d3121cfc20ababd3a8399bcd3f5af2ae43e99099?s=96&d=blank&r=g\",\"url\":\"https:\\\/\\\/secure.gravatar.com\\\/avatar\\\/d7caee783317f4e638353272d3121cfc20ababd3a8399bcd3f5af2ae43e99099?s=96&d=blank&r=g\",\"contentUrl\":\"https:\\\/\\\/secure.gravatar.com\\\/avatar\\\/d7caee783317f4e638353272d3121cfc20ababd3a8399bcd3f5af2ae43e99099?s=96&d=blank&r=g\",\"caption\":\"Editorial Team\"},\"url\":\"https:\\\/\\\/www.chiapatino.com\\\/home\\\/author\\\/jose\\\/\"}]}<\/script>\n<!-- \/ Yoast SEO plugin. -->","yoast_head_json":{"title":"Se estrena en Tenerife la \u00f3pera 'Florencia en el Amazonas' - Chia Pati\u00f1o %","description":"Con Florencia en el Amazonas, \u00d3pera de Tenerife se introduce en las composiciones latinoamericanas. Esta \u00f3pera se programa por primera vez en Espa\u00f1a, tras un amplio recorrido por las casas de \u00f3pera de Am\u00e9rica y solo dos en Europa, en Alemania y Suiza. La creaci\u00f3n del mexicano Daniel Cat\u00e1n, con libreto de Marcela Fuentes-Berain, se estren\u00f3 en 1996 y cuenta distintas formas de vivir el amor a trav\u00e9s de un viaje en barco por el Amazonas.","robots":{"index":"index","follow":"follow","max-snippet":"max-snippet:-1","max-image-preview":"max-image-preview:large","max-video-preview":"max-video-preview:-1"},"canonical":"https:\/\/www.chiapatino.com\/home\/rtveoperatenerife\/","og_locale":"en_US","og_type":"article","og_title":"Se estrena en Tenerife la \u00f3pera 'Florencia en el Amazonas' - Chia Pati\u00f1o %","og_description":"Con Florencia en el Amazonas, \u00d3pera de Tenerife se introduce en las composiciones latinoamericanas. Esta \u00f3pera se programa por primera vez en Espa\u00f1a, tras un amplio recorrido por las casas de \u00f3pera de Am\u00e9rica y solo dos en Europa, en Alemania y Suiza. La creaci\u00f3n del mexicano Daniel Cat\u00e1n, con libreto de Marcela Fuentes-Berain, se estren\u00f3 en 1996 y cuenta distintas formas de vivir el amor a trav\u00e9s de un viaje en barco por el Amazonas.","og_url":"https:\/\/www.chiapatino.com\/home\/rtveoperatenerife\/","og_site_name":"Chia Pati\u00f1o","article_publisher":"https:\/\/www.facebook.com\/chia.patino","article_published_time":"2022-03-22T15:30:24+00:00","article_modified_time":"2022-04-18T15:34:41+00:00","og_image":[{"width":2035,"height":988,"url":"https:\/\/i0.wp.com\/www.chiapatino.com\/wp-content\/uploads\/2022\/03\/Scrn_tve.webp?fit=2035%2C988&ssl=1","type":"image\/webp"}],"author":"Editorial Team","twitter_card":"summary_large_image","twitter_site":"@en","twitter_misc":{"Written by":"Editorial Team","Est. reading time":"1 minute"},"schema":{"@context":"https:\/\/schema.org","@graph":[{"@type":"Article","@id":"https:\/\/www.chiapatino.com\/home\/rtveoperatenerife\/#article","isPartOf":{"@id":"https:\/\/www.chiapatino.com\/home\/rtveoperatenerife\/"},"author":{"name":"Editorial Team","@id":"https:\/\/www.chiapatino.com\/home\/#\/schema\/person\/755dfd11ac8cf732700cb83de0c23f22"},"headline":"Se estrena en Tenerife la \u00f3pera &#8216;Florencia en el Amazonas&#8217;","datePublished":"2022-03-22T15:30:24+00:00","dateModified":"2022-04-18T15:34:41+00:00","mainEntityOfPage":{"@id":"https:\/\/www.chiapatino.com\/home\/rtveoperatenerife\/"},"wordCount":294,"publisher":{"@id":"https:\/\/www.chiapatino.com\/home\/#\/schema\/person\/f64ab33314c9c8769b4082962d7f5301"},"image":{"@id":"https:\/\/www.chiapatino.com\/home\/rtveoperatenerife\/#primaryimage"},"thumbnailUrl":"https:\/\/i0.wp.com\/www.chiapatino.com\/wp-content\/uploads\/2022\/03\/Scrn_tve.webp?fit=2035%2C988&ssl=1","keywords":["Opera","Noticias","News","Tenerife","Florencia en el Amazonas"],"articleSection":["Noticias \/ News"],"inLanguage":"en-US"},{"@type":"WebPage","@id":"https:\/\/www.chiapatino.com\/home\/rtveoperatenerife\/","url":"https:\/\/www.chiapatino.com\/home\/rtveoperatenerife\/","name":"Se estrena en Tenerife la \u00f3pera 'Florencia en el Amazonas' - Chia Pati\u00f1o %","isPartOf":{"@id":"https:\/\/www.chiapatino.com\/home\/#website"},"primaryImageOfPage":{"@id":"https:\/\/www.chiapatino.com\/home\/rtveoperatenerife\/#primaryimage"},"image":{"@id":"https:\/\/www.chiapatino.com\/home\/rtveoperatenerife\/#primaryimage"},"thumbnailUrl":"https:\/\/i0.wp.com\/www.chiapatino.com\/wp-content\/uploads\/2022\/03\/Scrn_tve.webp?fit=2035%2C988&ssl=1","datePublished":"2022-03-22T15:30:24+00:00","dateModified":"2022-04-18T15:34:41+00:00","description":"Con Florencia en el Amazonas, \u00d3pera de Tenerife se introduce en las composiciones latinoamericanas. Esta \u00f3pera se programa por primera vez en Espa\u00f1a, tras un amplio recorrido por las casas de \u00f3pera de Am\u00e9rica y solo dos en Europa, en Alemania y Suiza. La creaci\u00f3n del mexicano Daniel Cat\u00e1n, con libreto de Marcela Fuentes-Berain, se estren\u00f3 en 1996 y cuenta distintas formas de vivir el amor a trav\u00e9s de un viaje en barco por el Amazonas.","breadcrumb":{"@id":"https:\/\/www.chiapatino.com\/home\/rtveoperatenerife\/#breadcrumb"},"inLanguage":"en-US","potentialAction":[{"@type":"ReadAction","target":["https:\/\/www.chiapatino.com\/home\/rtveoperatenerife\/"]}]},{"@type":"ImageObject","inLanguage":"en-US","@id":"https:\/\/www.chiapatino.com\/home\/rtveoperatenerife\/#primaryimage","url":"https:\/\/i0.wp.com\/www.chiapatino.com\/wp-content\/uploads\/2022\/03\/Scrn_tve.webp?fit=2035%2C988&ssl=1","contentUrl":"https:\/\/i0.wp.com\/www.chiapatino.com\/wp-content\/uploads\/2022\/03\/Scrn_tve.webp?fit=2035%2C988&ssl=1","width":2035,"height":988},{"@type":"BreadcrumbList","@id":"https:\/\/www.chiapatino.com\/home\/rtveoperatenerife\/#breadcrumb","itemListElement":[{"@type":"ListItem","position":1,"name":"Home","item":"https:\/\/www.chiapatino.com\/home\/"},{"@type":"ListItem","position":2,"name":"Se estrena en Tenerife la \u00f3pera &#8216;Florencia en el Amazonas&#8217;"}]},{"@type":"WebSite","@id":"https:\/\/www.chiapatino.com\/home\/#website","url":"https:\/\/www.chiapatino.com\/home\/","name":"Chia Pati\u00f1o","description":"Portafolio","publisher":{"@id":"https:\/\/www.chiapatino.com\/home\/#\/schema\/person\/f64ab33314c9c8769b4082962d7f5301"},"potentialAction":[{"@type":"SearchAction","target":{"@type":"EntryPoint","urlTemplate":"https:\/\/www.chiapatino.com\/home\/?s={search_term_string}"},"query-input":{"@type":"PropertyValueSpecification","valueRequired":true,"valueName":"search_term_string"}}],"inLanguage":"en-US"},{"@type":["Person","Organization"],"@id":"https:\/\/www.chiapatino.com\/home\/#\/schema\/person\/f64ab33314c9c8769b4082962d7f5301","name":"Chia Pati\u00f1o","image":{"@type":"ImageObject","inLanguage":"en-US","@id":"https:\/\/i0.wp.com\/www.chiapatino.com\/wp-content\/uploads\/2022\/11\/chiahs01.webp?fit=960%2C1201&ssl=1","url":"https:\/\/i0.wp.com\/www.chiapatino.com\/wp-content\/uploads\/2022\/11\/chiahs01.webp?fit=960%2C1201&ssl=1","contentUrl":"https:\/\/i0.wp.com\/www.chiapatino.com\/wp-content\/uploads\/2022\/11\/chiahs01.webp?fit=960%2C1201&ssl=1","width":960,"height":1201,"caption":"Chia Pati\u00f1o"},"logo":{"@id":"https:\/\/i0.wp.com\/www.chiapatino.com\/wp-content\/uploads\/2022\/11\/chiahs01.webp?fit=960%2C1201&ssl=1"},"sameAs":["https:\/\/www.facebook.com\/chia.patino","https:\/\/www.instagram.com\/chia.patino\/","https:\/\/x.com\/https:\/\/twitter.com\/chpatito?lang=en"]},{"@type":"Person","@id":"https:\/\/www.chiapatino.com\/home\/#\/schema\/person\/755dfd11ac8cf732700cb83de0c23f22","name":"Editorial Team","image":{"@type":"ImageObject","inLanguage":"en-US","@id":"https:\/\/secure.gravatar.com\/avatar\/d7caee783317f4e638353272d3121cfc20ababd3a8399bcd3f5af2ae43e99099?s=96&d=blank&r=g","url":"https:\/\/secure.gravatar.com\/avatar\/d7caee783317f4e638353272d3121cfc20ababd3a8399bcd3f5af2ae43e99099?s=96&d=blank&r=g","contentUrl":"https:\/\/secure.gravatar.com\/avatar\/d7caee783317f4e638353272d3121cfc20ababd3a8399bcd3f5af2ae43e99099?s=96&d=blank&r=g","caption":"Editorial Team"},"url":"https:\/\/www.chiapatino.com\/home\/author\/jose\/"}]}},"jetpack_publicize_connections":[],"jetpack_featured_media_url":"https:\/\/i0.wp.com\/www.chiapatino.com\/wp-content\/uploads\/2022\/03\/Scrn_tve.webp?fit=2035%2C988&ssl=1","jetpack_shortlink":"https:\/\/wp.me\/pb5Ra3-1Jt","jetpack_sharing_enabled":true,"_links":{"self":[{"href":"https:\/\/www.chiapatino.com\/home\/wp-json\/wp\/v2\/posts\/6663","targetHints":{"allow":["GET"]}}],"collection":[{"href":"https:\/\/www.chiapatino.com\/home\/wp-json\/wp\/v2\/posts"}],"about":[{"href":"https:\/\/www.chiapatino.com\/home\/wp-json\/wp\/v2\/types\/post"}],"author":[{"embeddable":true,"href":"https:\/\/www.chiapatino.com\/home\/wp-json\/wp\/v2\/users\/1"}],"replies":[{"embeddable":true,"href":"https:\/\/www.chiapatino.com\/home\/wp-json\/wp\/v2\/comments?post=6663"}],"version-history":[{"count":3,"href":"https:\/\/www.chiapatino.com\/home\/wp-json\/wp\/v2\/posts\/6663\/revisions"}],"predecessor-version":[{"id":6666,"href":"https:\/\/www.chiapatino.com\/home\/wp-json\/wp\/v2\/posts\/6663\/revisions\/6666"}],"wp:featuredmedia":[{"embeddable":true,"href":"https:\/\/www.chiapatino.com\/home\/wp-json\/wp\/v2\/media\/6491"}],"wp:attachment":[{"href":"https:\/\/www.chiapatino.com\/home\/wp-json\/wp\/v2\/media?parent=6663"}],"wp:term":[{"taxonomy":"category","embeddable":true,"href":"https:\/\/www.chiapatino.com\/home\/wp-json\/wp\/v2\/categories?post=6663"},{"taxonomy":"post_tag","embeddable":true,"href":"https:\/\/www.chiapatino.com\/home\/wp-json\/wp\/v2\/tags?post=6663"}],"curies":[{"name":"wp","href":"https:\/\/api.w.org\/{rel}","templated":true}]}}