{"id":6682,"date":"2022-03-29T16:25:20","date_gmt":"2022-03-29T16:25:20","guid":{"rendered":"https:\/\/www.chiapatino.com\/?p=6682"},"modified":"2022-04-18T16:42:01","modified_gmt":"2022-04-18T16:42:01","slug":"galeria-de-imagenes-florencia-en-el-amazonas","status":"publish","type":"post","link":"https:\/\/www.chiapatino.com\/home\/galeria-de-imagenes-florencia-en-el-amazonas\/","title":{"rendered":"Galer\u00eda de im\u00e1genes Florencia en el Amazonas"},"content":{"rendered":"<div class=\"wpb-content-wrapper\"><p>[vc_row][vc_column width=&#8221;1\/1&#8243;][vc_empty_space empty_h=&#8221;3&#8243;][vc_row_inner][vc_column_inner width=&#8221;1\/1&#8243;][vc_icon icon=&#8221;fa fa-calendar-full&#8221; heading_semantic=&#8221;p&#8221; text_size=&#8221;h6&#8243; text_weight=&#8221;100&#8243; text_lead=&#8221;small&#8221; uncode_shortcode_id=&#8221;869501&#8243; title=&#8221;March 29, 2022&#8243;][\/vc_icon][vc_custom_heading text_font=&#8221;font-165742&#8243; uncode_shortcode_id=&#8221;211583&#8243;]Galer\u00eda de im\u00e1genes Florencia en el Amazonas[\/vc_custom_heading][vc_column_text uncode_shortcode_id=&#8221;187778&#8243;]\u00a1El Dorado parti\u00f3 y nos dej\u00f3 una serie de memorias maravillosas! y yo&#8230; parqueada en el muelle, esperando viajar pronto a casa. Agradecimiento eterno a mi equipo creativo: Alejandra Prieto, Felype de Lima, Izmir Ickbal, Erin Fleming, Beth Krynicki, Maestro Pedro Halffter, Marcela Fuentes-Berain, cada uno de los cantantes y todo el equipo musical, por supuesto a todo el enorme y maravilloso equipo de \u00d3pera Tenerife, en fin quedan memorias eternas, y mucha gratitud por tanto.[\/vc_column_text][vc_empty_space empty_h=&#8221;3&#8243;][vc_gallery el_id=&#8221;gallery-168654&#8243; type=&#8221;carousel&#8221; medias=&#8221;6548,6547,6546,6545,6544,6543,6542,6541,6540,6539,6538,6537,6536,6535,6534,6533,6532,6531&#8243; carousel_lg=&#8221;1&#8243; carousel_md=&#8221;1&#8243; carousel_sm=&#8221;1&#8243; gutter_size=&#8221;0&#8243; media_items=&#8221;media|nolink|original&#8221; carousel_interval=&#8221;5000&#8243; carousel_navspeed=&#8221;400&#8243; carousel_loop=&#8221;yes&#8221; carousel_nav=&#8221;yes&#8221; carousel_nav_mobile=&#8221;yes&#8221; carousel_nav_skin=&#8221;dark&#8221; carousel_dots=&#8221;yes&#8221; carousel_dots_mobile=&#8221;yes&#8221; carousel_dots_inside=&#8221;yes&#8221; carousel_dot_padding=&#8221;1&#8243; stage_padding=&#8221;0&#8243; single_overlay_opacity=&#8221;50&#8243; single_overlay_anim=&#8221;no&#8221; single_image_magnetic=&#8221;yes&#8221; single_padding=&#8221;2&#8243; single_text_reduced=&#8221;yes&#8221; single_elements_click=&#8221;yes&#8221; uncode_shortcode_id=&#8221;181434&#8243;][vc_empty_space empty_h=&#8221;2&#8243;][\/vc_column_inner][\/vc_row_inner][vc_empty_space empty_h=&#8221;3&#8243;][\/vc_column][\/vc_row]<\/p>\n<\/div>","protected":false},"excerpt":{"rendered":"<p>\u00a1El Dorado parti\u00f3 y nos dej\u00f3 una serie de memorias maravillosas! y yo\u2026 parqueada en el muelle, esperando viajar pronto a casa. Agradecimiento eterno a mi equipo creativo: Alejandra Prieto, Felype de Lima, Izmir Ickbal, Erin Fleming, Beth Krynicki, Maestro Pedro Halffter, Marcela Fuentes-Berain, cada uno de los cantantes y todo el equipo musical, por supuesto a todo el enorme y maravilloso equipo de \u00d3pera Tenerife, en fin quedan memorias eternas, y mucha gratitud por tanto.<\/p>\n","protected":false},"author":1,"featured_media":6534,"comment_status":"closed","ping_status":"closed","sticky":false,"template":"","format":"standard","meta":{"_jetpack_memberships_contains_paid_content":false,"footnotes":"","jetpack_publicize_message":"","jetpack_publicize_feature_enabled":true,"jetpack_social_post_already_shared":true,"jetpack_social_options":{"image_generator_settings":{"template":"highway","default_image_id":0,"font":"","enabled":false},"version":2}},"categories":[41],"tags":[42,85,86,113,114],"class_list":["post-6682","post","type-post","status-publish","format-standard","has-post-thumbnail","hentry","category-noticias-news","tag-opera","tag-noticias","tag-news","tag-tenerife","tag-florencia-en-el-amazonas"],"yoast_head":"<!-- This site is optimized with the Yoast SEO plugin v27.5 - https:\/\/yoast.com\/product\/yoast-seo-wordpress\/ -->\n<title>Galer\u00eda de im\u00e1genes Florencia en el Amazonas - Chia Pati\u00f1o<\/title>\n<meta name=\"description\" content=\"\u00a1El Dorado parti\u00f3 y nos dej\u00f3 una serie de memorias maravillosas! y yo\u2026 parqueada en el muelle, esperando viajar pronto a casa. Agradecimiento eterno a mi equipo creativo: Alejandra Prieto, Felype de Lima, Izmir Ickbal, Erin Fleming, Beth Krynicki, Maestro Pedro Halffter, Marcela Fuentes-Berain, cada uno de los cantantes y todo el equipo musical, por supuesto a todo el enorme y maravilloso equipo de \u00d3pera Tenerife, en fin quedan memorias eternas, y mucha gratitud por tanto.\" \/>\n<meta name=\"robots\" content=\"index, follow, max-snippet:-1, max-image-preview:large, max-video-preview:-1\" \/>\n<link rel=\"canonical\" href=\"https:\/\/www.chiapatino.com\/home\/galeria-de-imagenes-florencia-en-el-amazonas\/\" \/>\n<meta property=\"og:locale\" content=\"en_US\" \/>\n<meta property=\"og:type\" content=\"article\" \/>\n<meta property=\"og:title\" content=\"Galer\u00eda de im\u00e1genes Florencia en el Amazonas - Chia Pati\u00f1o\" \/>\n<meta property=\"og:description\" content=\"\u00a1El Dorado parti\u00f3 y nos dej\u00f3 una serie de memorias maravillosas! y yo\u2026 parqueada en el muelle, esperando viajar pronto a casa. Agradecimiento eterno a mi equipo creativo: Alejandra Prieto, Felype de Lima, Izmir Ickbal, Erin Fleming, Beth Krynicki, Maestro Pedro Halffter, Marcela Fuentes-Berain, cada uno de los cantantes y todo el equipo musical, por supuesto a todo el enorme y maravilloso equipo de \u00d3pera Tenerife, en fin quedan memorias eternas, y mucha gratitud por tanto.\" \/>\n<meta property=\"og:url\" content=\"https:\/\/www.chiapatino.com\/home\/galeria-de-imagenes-florencia-en-el-amazonas\/\" \/>\n<meta property=\"og:site_name\" content=\"Chia Pati\u00f1o\" \/>\n<meta property=\"article:publisher\" content=\"https:\/\/www.facebook.com\/chia.patino\" \/>\n<meta property=\"article:published_time\" content=\"2022-03-29T16:25:20+00:00\" \/>\n<meta property=\"article:modified_time\" content=\"2022-04-18T16:42:01+00:00\" \/>\n<meta property=\"og:image\" content=\"https:\/\/i0.wp.com\/www.chiapatino.com\/wp-content\/uploads\/2022\/03\/Florencia-en-el-Amazonas-88.webp?fit=2500%2C1667&ssl=1\" \/>\n\t<meta property=\"og:image:width\" content=\"2500\" \/>\n\t<meta property=\"og:image:height\" content=\"1667\" \/>\n\t<meta property=\"og:image:type\" content=\"image\/webp\" \/>\n<meta name=\"author\" content=\"Editorial Team\" \/>\n<meta name=\"twitter:card\" content=\"summary_large_image\" \/>\n<meta name=\"twitter:site\" content=\"@en\" \/>\n<meta name=\"twitter:label1\" content=\"Written by\" \/>\n\t<meta name=\"twitter:data1\" content=\"Editorial Team\" \/>\n\t<meta name=\"twitter:label2\" content=\"Est. reading time\" \/>\n\t<meta name=\"twitter:data2\" content=\"1 minute\" \/>\n<script type=\"application\/ld+json\" class=\"yoast-schema-graph\">{\"@context\":\"https:\\\/\\\/schema.org\",\"@graph\":[{\"@type\":\"Article\",\"@id\":\"https:\\\/\\\/www.chiapatino.com\\\/home\\\/galeria-de-imagenes-florencia-en-el-amazonas\\\/#article\",\"isPartOf\":{\"@id\":\"https:\\\/\\\/www.chiapatino.com\\\/home\\\/galeria-de-imagenes-florencia-en-el-amazonas\\\/\"},\"author\":{\"name\":\"Editorial Team\",\"@id\":\"https:\\\/\\\/www.chiapatino.com\\\/home\\\/#\\\/schema\\\/person\\\/755dfd11ac8cf732700cb83de0c23f22\"},\"headline\":\"Galer\u00eda de im\u00e1genes Florencia en el Amazonas\",\"datePublished\":\"2022-03-29T16:25:20+00:00\",\"dateModified\":\"2022-04-18T16:42:01+00:00\",\"mainEntityOfPage\":{\"@id\":\"https:\\\/\\\/www.chiapatino.com\\\/home\\\/galeria-de-imagenes-florencia-en-el-amazonas\\\/\"},\"wordCount\":259,\"publisher\":{\"@id\":\"https:\\\/\\\/www.chiapatino.com\\\/home\\\/#\\\/schema\\\/person\\\/f64ab33314c9c8769b4082962d7f5301\"},\"image\":{\"@id\":\"https:\\\/\\\/www.chiapatino.com\\\/home\\\/galeria-de-imagenes-florencia-en-el-amazonas\\\/#primaryimage\"},\"thumbnailUrl\":\"https:\\\/\\\/i0.wp.com\\\/www.chiapatino.com\\\/wp-content\\\/uploads\\\/2022\\\/03\\\/Florencia-en-el-Amazonas-88.webp?fit=2500%2C1667&ssl=1\",\"keywords\":[\"Opera\",\"Noticias\",\"News\",\"Tenerife\",\"Florencia en el Amazonas\"],\"articleSection\":[\"Noticias \\\/ News\"],\"inLanguage\":\"en-US\"},{\"@type\":\"WebPage\",\"@id\":\"https:\\\/\\\/www.chiapatino.com\\\/home\\\/galeria-de-imagenes-florencia-en-el-amazonas\\\/\",\"url\":\"https:\\\/\\\/www.chiapatino.com\\\/home\\\/galeria-de-imagenes-florencia-en-el-amazonas\\\/\",\"name\":\"Galer\u00eda de im\u00e1genes Florencia en el Amazonas - Chia Pati\u00f1o\",\"isPartOf\":{\"@id\":\"https:\\\/\\\/www.chiapatino.com\\\/home\\\/#website\"},\"primaryImageOfPage\":{\"@id\":\"https:\\\/\\\/www.chiapatino.com\\\/home\\\/galeria-de-imagenes-florencia-en-el-amazonas\\\/#primaryimage\"},\"image\":{\"@id\":\"https:\\\/\\\/www.chiapatino.com\\\/home\\\/galeria-de-imagenes-florencia-en-el-amazonas\\\/#primaryimage\"},\"thumbnailUrl\":\"https:\\\/\\\/i0.wp.com\\\/www.chiapatino.com\\\/wp-content\\\/uploads\\\/2022\\\/03\\\/Florencia-en-el-Amazonas-88.webp?fit=2500%2C1667&ssl=1\",\"datePublished\":\"2022-03-29T16:25:20+00:00\",\"dateModified\":\"2022-04-18T16:42:01+00:00\",\"description\":\"\u00a1El Dorado parti\u00f3 y nos dej\u00f3 una serie de memorias maravillosas! y yo\u2026 parqueada en el muelle, esperando viajar pronto a casa. Agradecimiento eterno a mi equipo creativo: Alejandra Prieto, Felype de Lima, Izmir Ickbal, Erin Fleming, Beth Krynicki, Maestro Pedro Halffter, Marcela Fuentes-Berain, cada uno de los cantantes y todo el equipo musical, por supuesto a todo el enorme y maravilloso equipo de \u00d3pera Tenerife, en fin quedan memorias eternas, y mucha gratitud por tanto.\",\"breadcrumb\":{\"@id\":\"https:\\\/\\\/www.chiapatino.com\\\/home\\\/galeria-de-imagenes-florencia-en-el-amazonas\\\/#breadcrumb\"},\"inLanguage\":\"en-US\",\"potentialAction\":[{\"@type\":\"ReadAction\",\"target\":[\"https:\\\/\\\/www.chiapatino.com\\\/home\\\/galeria-de-imagenes-florencia-en-el-amazonas\\\/\"]}]},{\"@type\":\"ImageObject\",\"inLanguage\":\"en-US\",\"@id\":\"https:\\\/\\\/www.chiapatino.com\\\/home\\\/galeria-de-imagenes-florencia-en-el-amazonas\\\/#primaryimage\",\"url\":\"https:\\\/\\\/i0.wp.com\\\/www.chiapatino.com\\\/wp-content\\\/uploads\\\/2022\\\/03\\\/Florencia-en-el-Amazonas-88.webp?fit=2500%2C1667&ssl=1\",\"contentUrl\":\"https:\\\/\\\/i0.wp.com\\\/www.chiapatino.com\\\/wp-content\\\/uploads\\\/2022\\\/03\\\/Florencia-en-el-Amazonas-88.webp?fit=2500%2C1667&ssl=1\",\"width\":2500,\"height\":1667},{\"@type\":\"BreadcrumbList\",\"@id\":\"https:\\\/\\\/www.chiapatino.com\\\/home\\\/galeria-de-imagenes-florencia-en-el-amazonas\\\/#breadcrumb\",\"itemListElement\":[{\"@type\":\"ListItem\",\"position\":1,\"name\":\"Home\",\"item\":\"https:\\\/\\\/www.chiapatino.com\\\/home\\\/\"},{\"@type\":\"ListItem\",\"position\":2,\"name\":\"Galer\u00eda de im\u00e1genes Florencia en el Amazonas\"}]},{\"@type\":\"WebSite\",\"@id\":\"https:\\\/\\\/www.chiapatino.com\\\/home\\\/#website\",\"url\":\"https:\\\/\\\/www.chiapatino.com\\\/home\\\/\",\"name\":\"Chia Pati\u00f1o\",\"description\":\"Portafolio\",\"publisher\":{\"@id\":\"https:\\\/\\\/www.chiapatino.com\\\/home\\\/#\\\/schema\\\/person\\\/f64ab33314c9c8769b4082962d7f5301\"},\"potentialAction\":[{\"@type\":\"SearchAction\",\"target\":{\"@type\":\"EntryPoint\",\"urlTemplate\":\"https:\\\/\\\/www.chiapatino.com\\\/home\\\/?s={search_term_string}\"},\"query-input\":{\"@type\":\"PropertyValueSpecification\",\"valueRequired\":true,\"valueName\":\"search_term_string\"}}],\"inLanguage\":\"en-US\"},{\"@type\":[\"Person\",\"Organization\"],\"@id\":\"https:\\\/\\\/www.chiapatino.com\\\/home\\\/#\\\/schema\\\/person\\\/f64ab33314c9c8769b4082962d7f5301\",\"name\":\"Chia Pati\u00f1o\",\"image\":{\"@type\":\"ImageObject\",\"inLanguage\":\"en-US\",\"@id\":\"https:\\\/\\\/i0.wp.com\\\/www.chiapatino.com\\\/wp-content\\\/uploads\\\/2022\\\/11\\\/chiahs01.webp?fit=960%2C1201&ssl=1\",\"url\":\"https:\\\/\\\/i0.wp.com\\\/www.chiapatino.com\\\/wp-content\\\/uploads\\\/2022\\\/11\\\/chiahs01.webp?fit=960%2C1201&ssl=1\",\"contentUrl\":\"https:\\\/\\\/i0.wp.com\\\/www.chiapatino.com\\\/wp-content\\\/uploads\\\/2022\\\/11\\\/chiahs01.webp?fit=960%2C1201&ssl=1\",\"width\":960,\"height\":1201,\"caption\":\"Chia Pati\u00f1o\"},\"logo\":{\"@id\":\"https:\\\/\\\/i0.wp.com\\\/www.chiapatino.com\\\/wp-content\\\/uploads\\\/2022\\\/11\\\/chiahs01.webp?fit=960%2C1201&ssl=1\"},\"sameAs\":[\"https:\\\/\\\/www.facebook.com\\\/chia.patino\",\"https:\\\/\\\/www.instagram.com\\\/chia.patino\\\/\",\"https:\\\/\\\/x.com\\\/https:\\\/\\\/twitter.com\\\/chpatito?lang=en\"]},{\"@type\":\"Person\",\"@id\":\"https:\\\/\\\/www.chiapatino.com\\\/home\\\/#\\\/schema\\\/person\\\/755dfd11ac8cf732700cb83de0c23f22\",\"name\":\"Editorial Team\",\"image\":{\"@type\":\"ImageObject\",\"inLanguage\":\"en-US\",\"@id\":\"https:\\\/\\\/secure.gravatar.com\\\/avatar\\\/d7caee783317f4e638353272d3121cfc20ababd3a8399bcd3f5af2ae43e99099?s=96&d=blank&r=g\",\"url\":\"https:\\\/\\\/secure.gravatar.com\\\/avatar\\\/d7caee783317f4e638353272d3121cfc20ababd3a8399bcd3f5af2ae43e99099?s=96&d=blank&r=g\",\"contentUrl\":\"https:\\\/\\\/secure.gravatar.com\\\/avatar\\\/d7caee783317f4e638353272d3121cfc20ababd3a8399bcd3f5af2ae43e99099?s=96&d=blank&r=g\",\"caption\":\"Editorial Team\"},\"url\":\"https:\\\/\\\/www.chiapatino.com\\\/home\\\/author\\\/jose\\\/\"}]}<\/script>\n<!-- \/ Yoast SEO plugin. -->","yoast_head_json":{"title":"Galer\u00eda de im\u00e1genes Florencia en el Amazonas - Chia Pati\u00f1o","description":"\u00a1El Dorado parti\u00f3 y nos dej\u00f3 una serie de memorias maravillosas! y yo\u2026 parqueada en el muelle, esperando viajar pronto a casa. Agradecimiento eterno a mi equipo creativo: Alejandra Prieto, Felype de Lima, Izmir Ickbal, Erin Fleming, Beth Krynicki, Maestro Pedro Halffter, Marcela Fuentes-Berain, cada uno de los cantantes y todo el equipo musical, por supuesto a todo el enorme y maravilloso equipo de \u00d3pera Tenerife, en fin quedan memorias eternas, y mucha gratitud por tanto.","robots":{"index":"index","follow":"follow","max-snippet":"max-snippet:-1","max-image-preview":"max-image-preview:large","max-video-preview":"max-video-preview:-1"},"canonical":"https:\/\/www.chiapatino.com\/home\/galeria-de-imagenes-florencia-en-el-amazonas\/","og_locale":"en_US","og_type":"article","og_title":"Galer\u00eda de im\u00e1genes Florencia en el Amazonas - Chia Pati\u00f1o","og_description":"\u00a1El Dorado parti\u00f3 y nos dej\u00f3 una serie de memorias maravillosas! y yo\u2026 parqueada en el muelle, esperando viajar pronto a casa. Agradecimiento eterno a mi equipo creativo: Alejandra Prieto, Felype de Lima, Izmir Ickbal, Erin Fleming, Beth Krynicki, Maestro Pedro Halffter, Marcela Fuentes-Berain, cada uno de los cantantes y todo el equipo musical, por supuesto a todo el enorme y maravilloso equipo de \u00d3pera Tenerife, en fin quedan memorias eternas, y mucha gratitud por tanto.","og_url":"https:\/\/www.chiapatino.com\/home\/galeria-de-imagenes-florencia-en-el-amazonas\/","og_site_name":"Chia Pati\u00f1o","article_publisher":"https:\/\/www.facebook.com\/chia.patino","article_published_time":"2022-03-29T16:25:20+00:00","article_modified_time":"2022-04-18T16:42:01+00:00","og_image":[{"width":2500,"height":1667,"url":"https:\/\/i0.wp.com\/www.chiapatino.com\/wp-content\/uploads\/2022\/03\/Florencia-en-el-Amazonas-88.webp?fit=2500%2C1667&ssl=1","type":"image\/webp"}],"author":"Editorial Team","twitter_card":"summary_large_image","twitter_site":"@en","twitter_misc":{"Written by":"Editorial Team","Est. reading time":"1 minute"},"schema":{"@context":"https:\/\/schema.org","@graph":[{"@type":"Article","@id":"https:\/\/www.chiapatino.com\/home\/galeria-de-imagenes-florencia-en-el-amazonas\/#article","isPartOf":{"@id":"https:\/\/www.chiapatino.com\/home\/galeria-de-imagenes-florencia-en-el-amazonas\/"},"author":{"name":"Editorial Team","@id":"https:\/\/www.chiapatino.com\/home\/#\/schema\/person\/755dfd11ac8cf732700cb83de0c23f22"},"headline":"Galer\u00eda de im\u00e1genes Florencia en el Amazonas","datePublished":"2022-03-29T16:25:20+00:00","dateModified":"2022-04-18T16:42:01+00:00","mainEntityOfPage":{"@id":"https:\/\/www.chiapatino.com\/home\/galeria-de-imagenes-florencia-en-el-amazonas\/"},"wordCount":259,"publisher":{"@id":"https:\/\/www.chiapatino.com\/home\/#\/schema\/person\/f64ab33314c9c8769b4082962d7f5301"},"image":{"@id":"https:\/\/www.chiapatino.com\/home\/galeria-de-imagenes-florencia-en-el-amazonas\/#primaryimage"},"thumbnailUrl":"https:\/\/i0.wp.com\/www.chiapatino.com\/wp-content\/uploads\/2022\/03\/Florencia-en-el-Amazonas-88.webp?fit=2500%2C1667&ssl=1","keywords":["Opera","Noticias","News","Tenerife","Florencia en el Amazonas"],"articleSection":["Noticias \/ News"],"inLanguage":"en-US"},{"@type":"WebPage","@id":"https:\/\/www.chiapatino.com\/home\/galeria-de-imagenes-florencia-en-el-amazonas\/","url":"https:\/\/www.chiapatino.com\/home\/galeria-de-imagenes-florencia-en-el-amazonas\/","name":"Galer\u00eda de im\u00e1genes Florencia en el Amazonas - Chia Pati\u00f1o","isPartOf":{"@id":"https:\/\/www.chiapatino.com\/home\/#website"},"primaryImageOfPage":{"@id":"https:\/\/www.chiapatino.com\/home\/galeria-de-imagenes-florencia-en-el-amazonas\/#primaryimage"},"image":{"@id":"https:\/\/www.chiapatino.com\/home\/galeria-de-imagenes-florencia-en-el-amazonas\/#primaryimage"},"thumbnailUrl":"https:\/\/i0.wp.com\/www.chiapatino.com\/wp-content\/uploads\/2022\/03\/Florencia-en-el-Amazonas-88.webp?fit=2500%2C1667&ssl=1","datePublished":"2022-03-29T16:25:20+00:00","dateModified":"2022-04-18T16:42:01+00:00","description":"\u00a1El Dorado parti\u00f3 y nos dej\u00f3 una serie de memorias maravillosas! y yo\u2026 parqueada en el muelle, esperando viajar pronto a casa. Agradecimiento eterno a mi equipo creativo: Alejandra Prieto, Felype de Lima, Izmir Ickbal, Erin Fleming, Beth Krynicki, Maestro Pedro Halffter, Marcela Fuentes-Berain, cada uno de los cantantes y todo el equipo musical, por supuesto a todo el enorme y maravilloso equipo de \u00d3pera Tenerife, en fin quedan memorias eternas, y mucha gratitud por tanto.","breadcrumb":{"@id":"https:\/\/www.chiapatino.com\/home\/galeria-de-imagenes-florencia-en-el-amazonas\/#breadcrumb"},"inLanguage":"en-US","potentialAction":[{"@type":"ReadAction","target":["https:\/\/www.chiapatino.com\/home\/galeria-de-imagenes-florencia-en-el-amazonas\/"]}]},{"@type":"ImageObject","inLanguage":"en-US","@id":"https:\/\/www.chiapatino.com\/home\/galeria-de-imagenes-florencia-en-el-amazonas\/#primaryimage","url":"https:\/\/i0.wp.com\/www.chiapatino.com\/wp-content\/uploads\/2022\/03\/Florencia-en-el-Amazonas-88.webp?fit=2500%2C1667&ssl=1","contentUrl":"https:\/\/i0.wp.com\/www.chiapatino.com\/wp-content\/uploads\/2022\/03\/Florencia-en-el-Amazonas-88.webp?fit=2500%2C1667&ssl=1","width":2500,"height":1667},{"@type":"BreadcrumbList","@id":"https:\/\/www.chiapatino.com\/home\/galeria-de-imagenes-florencia-en-el-amazonas\/#breadcrumb","itemListElement":[{"@type":"ListItem","position":1,"name":"Home","item":"https:\/\/www.chiapatino.com\/home\/"},{"@type":"ListItem","position":2,"name":"Galer\u00eda de im\u00e1genes Florencia en el Amazonas"}]},{"@type":"WebSite","@id":"https:\/\/www.chiapatino.com\/home\/#website","url":"https:\/\/www.chiapatino.com\/home\/","name":"Chia Pati\u00f1o","description":"Portafolio","publisher":{"@id":"https:\/\/www.chiapatino.com\/home\/#\/schema\/person\/f64ab33314c9c8769b4082962d7f5301"},"potentialAction":[{"@type":"SearchAction","target":{"@type":"EntryPoint","urlTemplate":"https:\/\/www.chiapatino.com\/home\/?s={search_term_string}"},"query-input":{"@type":"PropertyValueSpecification","valueRequired":true,"valueName":"search_term_string"}}],"inLanguage":"en-US"},{"@type":["Person","Organization"],"@id":"https:\/\/www.chiapatino.com\/home\/#\/schema\/person\/f64ab33314c9c8769b4082962d7f5301","name":"Chia Pati\u00f1o","image":{"@type":"ImageObject","inLanguage":"en-US","@id":"https:\/\/i0.wp.com\/www.chiapatino.com\/wp-content\/uploads\/2022\/11\/chiahs01.webp?fit=960%2C1201&ssl=1","url":"https:\/\/i0.wp.com\/www.chiapatino.com\/wp-content\/uploads\/2022\/11\/chiahs01.webp?fit=960%2C1201&ssl=1","contentUrl":"https:\/\/i0.wp.com\/www.chiapatino.com\/wp-content\/uploads\/2022\/11\/chiahs01.webp?fit=960%2C1201&ssl=1","width":960,"height":1201,"caption":"Chia Pati\u00f1o"},"logo":{"@id":"https:\/\/i0.wp.com\/www.chiapatino.com\/wp-content\/uploads\/2022\/11\/chiahs01.webp?fit=960%2C1201&ssl=1"},"sameAs":["https:\/\/www.facebook.com\/chia.patino","https:\/\/www.instagram.com\/chia.patino\/","https:\/\/x.com\/https:\/\/twitter.com\/chpatito?lang=en"]},{"@type":"Person","@id":"https:\/\/www.chiapatino.com\/home\/#\/schema\/person\/755dfd11ac8cf732700cb83de0c23f22","name":"Editorial Team","image":{"@type":"ImageObject","inLanguage":"en-US","@id":"https:\/\/secure.gravatar.com\/avatar\/d7caee783317f4e638353272d3121cfc20ababd3a8399bcd3f5af2ae43e99099?s=96&d=blank&r=g","url":"https:\/\/secure.gravatar.com\/avatar\/d7caee783317f4e638353272d3121cfc20ababd3a8399bcd3f5af2ae43e99099?s=96&d=blank&r=g","contentUrl":"https:\/\/secure.gravatar.com\/avatar\/d7caee783317f4e638353272d3121cfc20ababd3a8399bcd3f5af2ae43e99099?s=96&d=blank&r=g","caption":"Editorial Team"},"url":"https:\/\/www.chiapatino.com\/home\/author\/jose\/"}]}},"jetpack_publicize_connections":[],"jetpack_featured_media_url":"https:\/\/i0.wp.com\/www.chiapatino.com\/wp-content\/uploads\/2022\/03\/Florencia-en-el-Amazonas-88.webp?fit=2500%2C1667&ssl=1","jetpack_shortlink":"https:\/\/wp.me\/pb5Ra3-1JM","jetpack_sharing_enabled":true,"_links":{"self":[{"href":"https:\/\/www.chiapatino.com\/home\/wp-json\/wp\/v2\/posts\/6682","targetHints":{"allow":["GET"]}}],"collection":[{"href":"https:\/\/www.chiapatino.com\/home\/wp-json\/wp\/v2\/posts"}],"about":[{"href":"https:\/\/www.chiapatino.com\/home\/wp-json\/wp\/v2\/types\/post"}],"author":[{"embeddable":true,"href":"https:\/\/www.chiapatino.com\/home\/wp-json\/wp\/v2\/users\/1"}],"replies":[{"embeddable":true,"href":"https:\/\/www.chiapatino.com\/home\/wp-json\/wp\/v2\/comments?post=6682"}],"version-history":[{"count":3,"href":"https:\/\/www.chiapatino.com\/home\/wp-json\/wp\/v2\/posts\/6682\/revisions"}],"predecessor-version":[{"id":6685,"href":"https:\/\/www.chiapatino.com\/home\/wp-json\/wp\/v2\/posts\/6682\/revisions\/6685"}],"wp:featuredmedia":[{"embeddable":true,"href":"https:\/\/www.chiapatino.com\/home\/wp-json\/wp\/v2\/media\/6534"}],"wp:attachment":[{"href":"https:\/\/www.chiapatino.com\/home\/wp-json\/wp\/v2\/media?parent=6682"}],"wp:term":[{"taxonomy":"category","embeddable":true,"href":"https:\/\/www.chiapatino.com\/home\/wp-json\/wp\/v2\/categories?post=6682"},{"taxonomy":"post_tag","embeddable":true,"href":"https:\/\/www.chiapatino.com\/home\/wp-json\/wp\/v2\/tags?post=6682"}],"curies":[{"name":"wp","href":"https:\/\/api.w.org\/{rel}","templated":true}]}}